{"id":1215,"date":"2021-09-27T19:57:58","date_gmt":"2021-09-27T19:57:58","guid":{"rendered":"https:\/\/somosfuego.net\/?post_type=news&#038;p=1215"},"modified":"2021-09-27T20:00:02","modified_gmt":"2021-09-27T20:00:02","slug":"franks-white-canvas-en-gira-latam-europa","status":"publish","type":"news","link":"https:\/\/somosfuego.net\/index.php\/news\/franks-white-canvas-en-gira-latam-europa\/","title":{"rendered":"Frank&#8217;s White Canvas de gira LATAM + Europa"},"content":{"rendered":"<p>El d\u00fao\u00a0<b>Frank\u2019s White Canvas<\/b>\u00a0inicia su desembarco en el extranjero. Las ganadoras del Premio Pulsar ser\u00e1n parte del encuentro musical\u00a0<b>BIME Pro<\/b>\u00a0que se realizar\u00e1 en Bilbao, Espa\u00f1a pero antes debutar\u00e1n en Colombia, con conciertos fijados en Ibagu\u00e9, Bogot\u00e1 y Cali, y tambi\u00e9n ofrecer\u00e1n shows en las ciudades alemanas de Munich y Berl\u00edn. La noticia coincide con el estreno del video para su canci\u00f3n \u201c<b>Hiding Away<\/b>\u201d, quinto single de su \u00e1lbum debut \u201c<b>My Life, My Canvas<\/b>\u201d.<\/p>\n<p>El festival espa\u00f1ol\u00a0<b>BIME Pro<\/b>\u00a0es considerado uno de los principales puntos de encuentro en Europa para profesionales de la m\u00fasica. El evento se realizar\u00e1 del 27 al 30 de octubre y\u00a0<b>Frank\u2019s White Canvas<\/b>\u00a0estar\u00e1 en BIME CITY, instancia que albergar\u00e1 m\u00e1s de cuarenta showcases gratuitos en las principales salas de la ciudad, adem\u00e1s de proyecciones de documentales y exposiciones de arte. Este proyecto es financiado por el Fondo para el Fomento de la M\u00fasica Nacional, Convocatoria 2021 del Ministerio de las Culturas y las Artes.<\/p>\n<p>Acerca de su participaci\u00f3n en\u00a0<b>BIME Pro<\/b>, las integrantes de\u00a0<b>Frank\u2019s White Canvas<\/b>\u00a0comentan: \u201c<i>Espa\u00f1a es un pa\u00eds al que le tenemos mucho cari\u00f1o.\u00a0Es ah\u00ed donde se nos empezaron a abrir puertas y las cosas que ocurrieron dieron paso a que nuestra carrera cambiara para siempre. BIME Pro es una nueva oportunidad para nuestro desarrollo internacional y se da en un momento perfecto, con la reapertura paulatina de los eventos en vivo. Vamos con la misi\u00f3n de sembrar para el futuro<\/i>\u201d.<\/p>\n<p>Antes de iniciar su gira internacional,\u00a0<b>Frank\u2019s White Canvas<\/b>\u00a0se presentar\u00e1 el s\u00e1bado 16 de octubre en el\u00a0<b>Teatro Municipal de Las Condes<\/b>\u00a0en una jornada doble que tambi\u00e9n incluye al grupo Electrodom\u00e9sticos. Al d\u00eda siguiente viajar\u00e1n a Colombia, donde estar\u00e1n en eventos a realizarse en Ibagu\u00e9, Bogot\u00e1 y Cali; y luego de su paso por el festival\u00a0<b>BIME Pro<\/b>, la dupla debutar\u00e1 en Alemania, con fechas confirmadas en Munich y Berl\u00edn.<\/p>\n<p>\u201c<b>My Life, My Canvas<\/b>\u201d, el celebrado \u00e1lbum debut de\u00a0<b>Frank\u2019s White Canvas<\/b>, cumplir\u00e1 un a\u00f1o en noviembre, pero ellas siguen lanzando singles y videos. El m\u00e1s reciente estreno corresponde a la canci\u00f3n \u201c<b>Hiding Away<\/b>\u201d, ya disponible en YouTube: \u201c<i>en \u00e9l buscamos plasmar c\u00f3mo uno comienza a desaparecer despu\u00e9s de tanto esconder lo que se siente, y lo dif\u00edcil que es volver a ser como uno era. El video busca generar sensaciones m\u00e1s que contar una historia lineal, desea hacerte sentir inc\u00f3modo, atrapado<\/i>\u201d, definen sus creadoras.<\/p>\n<p>&nbsp;<\/p>\n<p>(Comunicado de prensa)<\/p>\n<p>foto : Lilian Fernandez<\/p>\n","protected":false},"featured_media":1211,"template":"","categorias-de-news":[],"_links":{"self":[{"href":"https:\/\/somosfuego.net\/index.php\/wp-json\/wp\/v2\/news\/1215"}],"collection":[{"href":"https:\/\/somosfuego.net\/index.php\/wp-json\/wp\/v2\/news"}],"about":[{"href":"https:\/\/somosfuego.net\/index.php\/wp-json\/wp\/v2\/types\/news"}],"version-history":[{"count":2,"href":"https:\/\/somosfuego.net\/index.php\/wp-json\/wp\/v2\/news\/1215\/revisions"}],"predecessor-version":[{"id":1217,"href":"https:\/\/somosfuego.net\/index.php\/wp-json\/wp\/v2\/news\/1215\/revisions\/1217"}],"wp:featuredmedia":[{"embeddable":true,"href":"https:\/\/somosfuego.net\/index.php\/wp-json\/wp\/v2\/media\/1211"}],"wp:attachment":[{"href":"https:\/\/somosfuego.net\/index.php\/wp-json\/wp\/v2\/media?parent=1215"}],"wp:term":[{"taxonomy":"categorias-de-news","embeddable":true,"href":"https:\/\/somosfuego.net\/index.php\/wp-json\/wp\/v2\/categorias-de-news?post=1215"}],"curies":[{"name":"wp","href":"https:\/\/api.w.org\/{rel}","templated":true}]}}