{"id":1413,"date":"2023-03-21T16:01:44","date_gmt":"2023-03-21T16:01:44","guid":{"rendered":"https:\/\/somosfuego.net\/?post_type=news&#038;p=1413"},"modified":"2023-03-21T16:01:44","modified_gmt":"2023-03-21T16:01:44","slug":"transformacion-y-futuro-encuentro-scd","status":"publish","type":"news","link":"https:\/\/somosfuego.net\/index.php\/news\/transformacion-y-futuro-encuentro-scd\/","title":{"rendered":"Transformaci\u00f3n y futuro &#8211; Encuentro SCD"},"content":{"rendered":"<p>\u201cTransformaci\u00f3n y Futuro\u201d de la m\u00fasica en Chile es el tema principal del nuevo encuentro de M\u00fasica y G\u00e9nero organizado por la Sociedad Chilena de Autores e Int\u00e9rpretes Musicales (SCD). Un espacio donde habr\u00e1 conversaci\u00f3n, reflexi\u00f3n y tocatas.<\/p>\n<p>La Sociedad Chilena de Autores e Int\u00e9rpretes Musicales (SCD), en su objetivo de instaurar una agenda permanente de discusi\u00f3n en torno a la presencia femenina en la industria de la m\u00fasica desde 2018, presenta el tercer Encuentro de M\u00fasica y G\u00e9nero: \u201cTransformaci\u00f3n y futuro\u201d.<\/p>\n<p>La instancia de conversaci\u00f3n e intercambio en torno al rol y las perspectivas de las mujeres en la industria local recibir\u00e1 a algunas de las principales protagonistas de la escena nacional, quienes expondr\u00e1n sus puntos de vista y debatir\u00e1n en cuatro paneles abiertos al p\u00fablico, que abordar\u00e1n distintos temas y aspectos de la participaci\u00f3n femenina en una industria donde a\u00fan la brecha es enorme. Un ejemplo de aquello es que entre los m\u00e1s de 15 mil m\u00fasicos afiliados a SCD, s\u00f3lo el 14% son m\u00fasicas.<\/p>\n<p>Estrategias para la programaci\u00f3n y generaci\u00f3n de contenidos musicales hechos por mujeres, historias de m\u00fasicas en entornos masculinos, liderazgo femenino en el mundo de la m\u00fasica y transformaciones tem\u00e1ticas en las l\u00edricas femeninas a lo largo de las \u00e9pocas, son algunos de los t\u00f3picos que se abordar\u00e1n en la jornada que est\u00e1 orientada a m\u00fasicas, m\u00fasicos y agentes de la industria, pero tambi\u00e9n abierta a todo p\u00fablico por medio de una inscripci\u00f3n previa que podr\u00e1s encontrar m\u00e1s abajo.<\/p>\n<p>El encuentro contar\u00e1 con m\u00fasica en vivo a cargo de Cuarteto Toma1 para dar el inicio al encuentro, mientras que el d\u00fao Marineros cerrar\u00e1. Dos agrupaciones que representan distintas vertientes de la creaci\u00f3n musical femenina en Chile.<\/p>\n<p>Las panelistas que participar\u00e1n en esta tercera versi\u00f3n, la lista incluye desde m\u00fasicas como Juanita Parra, Caroline Chaspoul (integrante del grupo Panico conocida como Carolina Tres Estrellas), Denisse Malebr\u00e1n y Javiera Parra, a ejecutivas de diversos \u00e1mbitos de la industria, como Carmen Gloria Larenas (Teatro Municipal), Viviana Larrea (Alerce), Martina Orrego (40 Principales) y Cecilia Huerta (Altafonte), entre otras.<\/p>\n<p>En su primera versi\u00f3n, que se realiz\u00f3 en 2019 bajo el t\u00edtulo \u201cMujeres latinas y creadoras\u201d, distintas voces, en su mayor\u00eda femeninas, dialogaron acerca de la invisibilizaci\u00f3n de la mujer en la industria musical. En 2020, el encuentro tuvo como principal objetivo llegar a acciones que pueden cambiar esta realidad y cont\u00f3 con la presencia de m\u00fasicas chilenas como Camila Moreno, Pascuala Ilabaca, Mariel Mariel e invitadas internacionales de Argentina, Colombia y Espa\u00f1a.<\/p>\n<p>\u201cLa necesidad de abrir puertas y nivelar los accesos sigue siendo imperiosa en nuestro medio, y poder discutir e intercambiar opiniones entre nosotras, de ponernos todas detr\u00e1s de una causa con nuestros diferentes puntos de vista y nuestra diversidad de opiniones, sin dudas que es fundamental para ese desaf\u00edo\u201d<\/p>\n<p>\u2014 Gloria Simonetti, Segunda Vicepresidenta de SCD.<\/p>\n<p>10.00 h \u2013 Acreditaci\u00f3n<\/p>\n<p>11.00 h \u2013 Apertura: Cuarteto Toma1<\/p>\n<p>11.30 h \u2013 Panel 1<\/p>\n<p>Mujeres por mujeres: Estrategias para la programaci\u00f3n y generaci\u00f3n de contenidos femeninos en diversos espacios y plataformas.<\/p>\n<p>Desde la diversidad de contenidos en variados formatos, sus protagonistas y las tem\u00e1ticas abordadas, analizamos el rol de las mujeres. Conversamos sobre qu\u00e9 aspectos hacen de estas instancias espacios atractivos, que permiten abordar tem\u00e1ticas propias y difundir la mirada y visi\u00f3n de las mujeres en diversos \u00e1mbitos. \u00bfEs esta uni\u00f3n de elementos una ecuaci\u00f3n estrat\u00e9gica a la hora de programar y difundir?<\/p>\n<p>Martina Orrego, Directora Radio Los 40, Podcast \u201cMujeres que suenan\u201d<br \/>\nCecilia Huerta, Managing Director Altafonte Chile<br \/>\nClaudia Pereira, Directora Chilean Wey (Festival)<br \/>\nTrinidad Piriz, Podium Podcast<\/p>\n<p>Modera: Paula Ruiz, Productora General Radio Universidad de Chile.<\/p>\n<p>12.45 hrs. Panel 2<\/p>\n<p>\u00danicas en su especie: Historias de m\u00fasicas en escenarios con m\u00fasicos.<\/p>\n<p>Si bien la historia de la m\u00fasica -especialmente del rock- ha estado hist\u00f3ricamente protagonizada por hombres, encontramos en ella agrupaciones que desde sus inicios han contado entre sus integrantes con una mujer \u00fanica en el grupo, y durante muchos a\u00f1os \u00fanicas en su especie. \u00bfC\u00f3mo es la convivencia en ese entorno? \u00bfQu\u00e9 historias y aprendizajes surgen de esa experiencia que durante a\u00f1os fue at\u00edpica? Cuatro protagonistas relatan sus vivencias.<\/p>\n<p>Edita Rojas, Electrodom\u00e9sticos<br \/>\nJuanita Parra, Los Jaivas<br \/>\nCarolina Tres Estrellas, Panico<br \/>\nDenisse Malebran, Saiko<\/p>\n<p>Modera: Muriel Riveros, periodista y acad\u00e9mica radio USACH<\/p>\n<p>15.30 hrs Panel 3<\/p>\n<p>Tomando decisiones: Liderazgo femenino en el mundo de la m\u00fasica<\/p>\n<p>Las mediciones indican que, en diversas industrias, el n\u00famero de mujeres en cargos ejecutivos o directorios va en aumento. Sin embargo, a\u00fan se ven espacios de crecimiento: Solo 13% de los altos cargos de las empresas m\u00e1s grandes del pa\u00eds lo ocupan mujeres. \u00bfQu\u00e9 pasa en la m\u00fasica? \u00bfEs activa la participaci\u00f3n de mujeres tomando decisiones en empresas, organizaciones e instituciones del rubro? Cuatro mujeres que lideran espacios en torno a la m\u00fasica analizan las implicancias y desaf\u00edos de su rol.<\/p>\n<p>Carmen Gloria Larenas, Directora del Teatro Municipal<br \/>\nViviana Larrea, Directora de Sello Alerce<br \/>\nYael Meyer, Directora KLI Records Music Sync, Licensing and Clearance<br \/>\nKarina Fischer, Directora Instituto de M\u00fasica de la Universidad Cat\u00f3lica<\/p>\n<p>Modera: Antonella Est\u00e9vez, periodista<\/p>\n<p>16.45 hrs. Panel 4<br \/>\nL\u00edricas femeninas: Transformaciones tem\u00e1ticas a lo largo de las \u00e9pocas.<\/p>\n<p>\u00bfTienen las letras y contenidos creados por m\u00fasicas elementos en com\u00fan? \u00bfQu\u00e9 inspira a nuestras m\u00fasicas? \u00bfHan cambiado esas motivaciones a lo largo de las \u00e9pocas? En este panel, 5 cantautoras de diversos g\u00e9neros y mundos, analizan el desarrollo de las tem\u00e1ticas abordadas por mujeres en los \u00faltimos a\u00f1os, y c\u00f3mo los cambios sociales y culturales afectan o interfieren en ellas.<\/p>\n<p>Javiera Parra<br \/>\nChini.PNG<br \/>\nFrancesca Ancarola<br \/>\nMC Millaray<\/p>\n<p>18.15 hrs. Cierre<br \/>\nBanda: Marineros<\/p>\n","protected":false},"featured_media":1414,"template":"","categorias-de-news":[],"_links":{"self":[{"href":"https:\/\/somosfuego.net\/index.php\/wp-json\/wp\/v2\/news\/1413"}],"collection":[{"href":"https:\/\/somosfuego.net\/index.php\/wp-json\/wp\/v2\/news"}],"about":[{"href":"https:\/\/somosfuego.net\/index.php\/wp-json\/wp\/v2\/types\/news"}],"version-history":[{"count":1,"href":"https:\/\/somosfuego.net\/index.php\/wp-json\/wp\/v2\/news\/1413\/revisions"}],"predecessor-version":[{"id":1416,"href":"https:\/\/somosfuego.net\/index.php\/wp-json\/wp\/v2\/news\/1413\/revisions\/1416"}],"wp:featuredmedia":[{"embeddable":true,"href":"https:\/\/somosfuego.net\/index.php\/wp-json\/wp\/v2\/media\/1414"}],"wp:attachment":[{"href":"https:\/\/somosfuego.net\/index.php\/wp-json\/wp\/v2\/media?parent=1413"}],"wp:term":[{"taxonomy":"categorias-de-news","embeddable":true,"href":"https:\/\/somosfuego.net\/index.php\/wp-json\/wp\/v2\/categorias-de-news?post=1413"}],"curies":[{"name":"wp","href":"https:\/\/api.w.org\/{rel}","templated":true}]}}