{"id":1867,"date":"2025-09-22T18:22:27","date_gmt":"2025-09-22T18:22:27","guid":{"rendered":"https:\/\/somosfuego.net\/?post_type=news&#038;p=1867"},"modified":"2025-09-22T18:22:27","modified_gmt":"2025-09-22T18:22:27","slug":"bime-pro-2026-bilbao","status":"publish","type":"news","link":"https:\/\/somosfuego.net\/index.php\/news\/bime-pro-2026-bilbao\/?lang=fr","title":{"rendered":"BIME PRO 2026 BILBAO"},"content":{"rendered":"<div class=\"flex max-w-full flex-col grow\">\n<div class=\"min-h-8 text-message relative flex w-full flex-col items-end gap-2 text-start break-words whitespace-normal [.text-message+&amp;]:mt-5\" dir=\"auto\" data-message-author-role=\"assistant\" data-message-id=\"7920e0ad-97b0-4da2-a826-23f138188cd4\" data-message-model-slug=\"gpt-5\">\n<div class=\"flex w-full flex-col gap-1 empty:hidden first:pt-[3px]\">\n<div class=\"markdown prose dark:prose-invert w-full break-words dark markdown-new-styling\">\n<p data-start=\"0\" data-end=\"542\">BIME annonce aujourd\u2019hui le premier aper\u00e7u de l\u2019affiche de <strong data-start=\"88\" data-end=\"101\">BIME Live<\/strong>, qui transformera Bilbao en un vaste circuit pour des artistes \u00e0 forte projection internationale. Du 28 au 31 octobre, diff\u00e9rentes salles et espaces de la ville accueilleront concerts et showcases \u2013 prestations en format r\u00e9duit \u2013 qui permettront aux professionnels du secteur, aux participants de BIME et au grand public de d\u00e9couvrir les propositions musicales qui tracent d\u00e9j\u00e0 la voie des prochains festivals et tourn\u00e9es internationales.<\/p>\n<p data-start=\"544\" data-end=\"1333\">Plus de 70 artistes se produiront lors de ce rendez-vous qui combine projection, d\u00e9couverte et diversit\u00e9 musicale, en unissant depuis diff\u00e9rents horizons un vaste territoire sonore qui relie l\u2019Am\u00e9rique ib\u00e9rique. Parmi eux : <strong data-start=\"768\" data-end=\"787\">Arroba Nat (MX)<\/strong>, avec des textes explorant l\u2019intimit\u00e9 de l\u2019exp\u00e9rience humaine ; <strong data-start=\"852\" data-end=\"870\">Delaporte (ES)<\/strong>, l\u2019un des projets les plus innovants de la sc\u00e8ne \u00e9lectronique et pop alternative en Espagne ; <strong data-start=\"965\" data-end=\"987\">Esteban Rojas (CO)<\/strong>, figure de proue du mouvement urbain de Cali ; la Chilienne <strong data-start=\"1048\" data-end=\"1072\">Javiera Electra (CL)<\/strong>, avec sa voix puissante et sa mise en sc\u00e8ne th\u00e9\u00e2trale ; <strong data-start=\"1129\" data-end=\"1148\">Jesse Baez (GT)<\/strong>, reconnu comme l\u2019une des grandes r\u00e9f\u00e9rences du R&amp;B contemporain en espagnol ; et l\u2019Argentine <strong data-start=\"1242\" data-end=\"1262\">Juana Rozas (AR)<\/strong>, dont le son oscille entre pop, R&amp;B et exp\u00e9rimentation \u00e9lectronique.<\/p>\n<p data-start=\"1335\" data-end=\"2326\">Depuis l\u2019Argentine arriveront \u00e9galement <strong data-start=\"1375\" data-end=\"1391\">Lara91K (AR)<\/strong>, pionni\u00e8re de la sc\u00e8ne urbaine avec un style intimiste et brut ; le duo v\u00e9n\u00e9zu\u00e9lien <strong data-start=\"1476\" data-end=\"1496\">Mau y Ricky (VE)<\/strong>, force cr\u00e9ative derri\u00e8re certains des plus grands succ\u00e8s mondiaux de la derni\u00e8re d\u00e9cennie ; le l\u00e9gendaire groupe <strong data-start=\"1610\" data-end=\"1626\">Orishas (CU)<\/strong>, r\u00e9f\u00e9rence mondiale du rap latino et pionniers de la fusion du son cubain avec le hip hop. La Catalane <strong data-start=\"1730\" data-end=\"1752\">Queralt Lahoz (ES)<\/strong>, qui m\u00eale de fa\u00e7on unique soul, hip hop et flamenco ; depuis l\u2019Estr\u00e9madure, <strong data-start=\"1829\" data-end=\"1863\">Sanguijuelas del Guadiana (ES)<\/strong> racontent en rock et autotune la vie rurale contemporaine ; la proposition sombre et ironique de <strong data-start=\"1961\" data-end=\"1975\">SVSTO (ES)<\/strong>, qui red\u00e9finit la musique de danse en fusionnant industriel et techno ; depuis Bilbao, <strong data-start=\"2063\" data-end=\"2078\">Txopet (ES)<\/strong>, avec une approche fra\u00eeche et irr\u00e9v\u00e9rencieuse m\u00ealant pop rock, garage et punk dans un live d\u00e9bordant d\u2019\u00e9nergie ; et la compositrice argentine <strong data-start=\"2221\" data-end=\"2241\">Yami Safdie (AR)<\/strong>, l\u2019une des figures phares de la pop et de la musique urbaine argentines actuelles.<\/p>\n<hr data-start=\"2328\" data-end=\"2331\" \/>\n<h3 data-start=\"2333\" data-end=\"2382\">L\u2019AVENIR DE LA MUSIQUE \u00c0 PORT\u00c9E DE TOU\u00b7TE\u00b7S<\/h3>\n<p data-start=\"2384\" data-end=\"2786\">Au-del\u00e0 d\u2019\u00eatre une rencontre de r\u00e9f\u00e9rence pour l\u2019industrie musicale, <strong data-start=\"2453\" data-end=\"2466\">BIME Live<\/strong> s\u2019affirme comme un festival urbain ouvert \u00e0 tou\u00b7te\u00b7s, qui d\u00e9mocratise l\u2019acc\u00e8s \u00e0 la musique et \u00e0 la culture au c\u0153ur de Bilbao. Organis\u00e9 dans des salles et lieux qui animent l\u2019agenda musical bilba\u00edno tout au long de l\u2019ann\u00e9e, BIME mise sur le renforcement du r\u00f4le de ces espaces comme acteurs culturels cl\u00e9s de la ville.<\/p>\n<p data-start=\"2788\" data-end=\"3304\">Consolid\u00e9 comme la principale vitrine de talents \u00e0 port\u00e9e internationale et comme un tremplin pour les nouvelles tendances sonores et esth\u00e9tiques, BIME Live est d\u00e9j\u00e0 le radar de la nouvelle sc\u00e8ne musicale ib\u00e9ro-am\u00e9ricaine. Un festival urbain pour tou\u00b7te\u00b7s, qui invite \u00e0 explorer des sons frais, d\u00e9couvrir de nouvelles histoires et vivre l\u2019\u00e9motion de la musique de demain. BIME Live a encore des appels ouverts pour des groupes et solistes souhaitant rejoindre l\u2019affiche 2025. R\u00e8glement disponible sur <strong data-start=\"3289\" data-end=\"3301\">bime.org<\/strong>.<\/p>\n<p data-start=\"3306\" data-end=\"4225\">BIME Live b\u00e9n\u00e9ficie du soutien de la <strong data-start=\"3343\" data-end=\"3363\">Mairie de Bilbao<\/strong> et de <strong data-start=\"3370\" data-end=\"3393\">Cervezas San Miguel<\/strong>, ainsi que de la collaboration d\u2019agents tels que le <strong data-start=\"3446\" data-end=\"3530\">D\u00e9partement de la Culture et de la Politique linguistique du Gouvernement basque<\/strong>, l\u2019<strong data-start=\"3534\" data-end=\"3543\">INAEM<\/strong>, <strong data-start=\"3545\" data-end=\"3571\">ICEX\u2013Sounds from Spain<\/strong>, <strong data-start=\"3573\" data-end=\"3601\">Navarra Music Commission<\/strong>, <strong data-start=\"3603\" data-end=\"3620\">BASQUE.MUSIC.<\/strong>, l\u2019<strong data-start=\"3624\" data-end=\"3673\">Agence andalouse des institutions culturelles<\/strong>, le <strong data-start=\"3678\" data-end=\"3687\">Chili<\/strong> (via MinCAP, ProChile et Chilem\u00fasica), l\u2019<strong data-start=\"3729\" data-end=\"3759\">ICA de la r\u00e9gion de Murcie<\/strong>, <strong data-start=\"3761\" data-end=\"3772\">Thomann<\/strong>, <strong data-start=\"3774\" data-end=\"3790\">Catalan Arts<\/strong>, l\u2019<strong data-start=\"3794\" data-end=\"3860\">AIE (Soci\u00e9t\u00e9 des artistes interpr\u00e8tes ou ex\u00e9cutants d\u2019Espagne)<\/strong>, l\u2019<strong data-start=\"3864\" data-end=\"3877\">Argentine<\/strong> (via l\u2019Institut national de la musique et le minist\u00e8re des Affaires \u00e9trang\u00e8res, du Commerce international et du Culte), l\u2019<strong data-start=\"4000\" data-end=\"4032\">Institut d\u2019Estudis Bale\u00e0rics<\/strong>, la <strong data-start=\"4037\" data-end=\"4060\">Junta d\u2019Estr\u00e9madure<\/strong>, le <strong data-start=\"4065\" data-end=\"4128\">Minist\u00e8re des Arts, des Cultures et des Savoirs de Colombie<\/strong>, l\u2019<strong data-start=\"4132\" data-end=\"4163\">Institut des arts de Bogota<\/strong>, <strong data-start=\"4165\" data-end=\"4177\">Seitrack<\/strong>, <strong data-start=\"4179\" data-end=\"4202\">Walter Kolm Records<\/strong> et <strong data-start=\"4206\" data-end=\"4222\">Mondo Sonoro<\/strong>.<\/p>\n<h3 data-start=\"4232\" data-end=\"4298\">BIME PRO, CONSTRUIRE L\u2019AVENIR DE LA MUSIQUE IBERO-AM\u00c9RICAINE<\/h3>\n<p data-start=\"4300\" data-end=\"4832\">L\u2019agenda professionnel de BIME, <strong data-start=\"4332\" data-end=\"4344\">BIME Pro<\/strong>, r\u00e9unira, du 28 au 30 octobre \u00e0 l\u2019<strong data-start=\"4379\" data-end=\"4400\">Euskalduna Bilbao<\/strong>, des r\u00e9f\u00e9rences internationales et des figures cl\u00e9s de la musique afin de tracer le prochain chapitre de l\u2019industrie. Le programme abordera les grandes questions du pr\u00e9sent et les d\u00e9fis de l\u2019avenir, s\u2019appuiera sur l\u2019exp\u00e9rience des meilleurs, explorera de nouvelles opportunit\u00e9s et analysera les march\u00e9s \u00e9mergents qui attirent l\u2019attention mondiale \u2013 toujours avec l\u2019objectif de renforcer la connexion entre l\u2019Europe et l\u2019Am\u00e9rique.<\/p>\n<p data-start=\"4834\" data-end=\"5330\">\u00c0 des figures d\u00e9j\u00e0 annonc\u00e9es, telles que <strong data-start=\"4875\" data-end=\"4891\">Rub\u00e9n Blades<\/strong>, <strong data-start=\"4893\" data-end=\"4908\">Mau y Ricky<\/strong>, <strong data-start=\"4910\" data-end=\"4928\">Leire Mart\u00ednez<\/strong> et <strong data-start=\"4932\" data-end=\"4947\">Mon Laferte<\/strong>, s\u2019ajoutent d\u2019autres personnalit\u00e9s comme <strong data-start=\"4989\" data-end=\"5006\">Ignacio Meyer<\/strong>, pr\u00e9sident de <strong data-start=\"5021\" data-end=\"5042\">TelevisaUnivisi\u00f3n<\/strong>, consid\u00e9r\u00e9 comme l\u2019une des personnes les plus influentes dans le cin\u00e9ma, la t\u00e9l\u00e9vision et la musique en espagnol. Il interviendra \u00e0 BIME pour \u00e9voquer la nouvelle carte de la musique latine et son \u00e9volution face aux changements dans la consommation, l\u2019industrie et les exp\u00e9riences live.<\/p>\n<p data-start=\"5332\" data-end=\"6005\" data-is-last-node=\"\" data-is-only-node=\"\">Cette ann\u00e9e, BIME comptera en outre sur un <strong data-start=\"5375\" data-end=\"5397\">espace de cr\u00e9ation<\/strong> : un laboratoire pour artistes et leurs \u00e9quipes, offrant des outils pratiques pour renforcer leurs carri\u00e8res et trajectoires. La programmation inclura un <strong data-start=\"5552\" data-end=\"5577\">campus de composition<\/strong> pour exp\u00e9rimenter et cr\u00e9er en communaut\u00e9, des ateliers de production et des discussions sur la sant\u00e9 mentale. S\u2019y ajouteront des <strong data-start=\"5707\" data-end=\"5747\">rencontres intimes avec des artistes<\/strong>, con\u00e7ues pour partager des exp\u00e9riences de premi\u00e8re main et ouvrir un dialogue sur les d\u00e9fis et opportunit\u00e9s actuels de la musique. Une proposition qui renforce l\u2019engagement de BIME \u00e0 promouvoir la croissance professionnelle dans une perspective int\u00e9grale.<\/p>\n<\/div>\n<\/div>\n<\/div>\n<\/div>\n<div class=\"flex min-h-[46px] justify-start\"><\/div>\n","protected":false},"featured_media":1859,"template":"","categorias-de-news":[],"_links":{"self":[{"href":"https:\/\/somosfuego.net\/index.php\/wp-json\/wp\/v2\/news\/1867"}],"collection":[{"href":"https:\/\/somosfuego.net\/index.php\/wp-json\/wp\/v2\/news"}],"about":[{"href":"https:\/\/somosfuego.net\/index.php\/wp-json\/wp\/v2\/types\/news"}],"version-history":[{"count":1,"href":"https:\/\/somosfuego.net\/index.php\/wp-json\/wp\/v2\/news\/1867\/revisions"}],"predecessor-version":[{"id":1868,"href":"https:\/\/somosfuego.net\/index.php\/wp-json\/wp\/v2\/news\/1867\/revisions\/1868"}],"wp:featuredmedia":[{"embeddable":true,"href":"https:\/\/somosfuego.net\/index.php\/wp-json\/wp\/v2\/media\/1859"}],"wp:attachment":[{"href":"https:\/\/somosfuego.net\/index.php\/wp-json\/wp\/v2\/media?parent=1867"}],"wp:term":[{"taxonomy":"categorias-de-news","embeddable":true,"href":"https:\/\/somosfuego.net\/index.php\/wp-json\/wp\/v2\/categorias-de-news?post=1867"}],"curies":[{"name":"wp","href":"https:\/\/api.w.org\/{rel}","templated":true}]}}