{"id":558,"date":"2020-11-17T16:59:50","date_gmt":"2020-11-17T16:59:50","guid":{"rendered":"https:\/\/somosfuego.net\/?post_type=news&#038;p=558"},"modified":"2020-11-18T01:52:16","modified_gmt":"2020-11-18T01:52:16","slug":"descubre-el-nuevo-de-single-de-paz-quintana-feat-benjamin-walker-para-que-vueles","status":"publish","type":"news","link":"https:\/\/somosfuego.net\/index.php\/news\/descubre-el-nuevo-de-single-de-paz-quintana-feat-benjamin-walker-para-que-vueles\/","title":{"rendered":"Descubre el nuevo de single de Paz Quintana feat. Benjamin Walker : \u00abPara que tu vueles\u00bb"},"content":{"rendered":"<p>\u201cNo importa donde te encuentres y si el mundo se est\u00e1 cayendo a pedazos. Esta es una canci\u00f3n revolucionaria, con textos inclusivos y futuristas, que levanta el esp\u00edritu de las almas que sufren la pandemia, anim\u00e1ndonos a bailar y a conectar con la naturaleza y nuestra esperanza\u201d.<\/p>\n<p>Paz Quintana define as\u00ed su nueva producci\u00f3n con Benjamin Walker<\/p>\n<p>Con una base pop-playera y sonoridades folkis, el single cuenta con la participaci\u00f3n del destacado artista chileno nominado al Grammy Latino, Benjam\u00edn Walker. Junto a Paz nos hacen viajar por el despertar del 18 de octubre, atravesando las sensaciones de encierro de la pandemia, con un llamado a escuchar las penas que tiene la tierra e invit\u00e1ndonos a cuidarla con esta composici\u00f3n cargada de una energ\u00eda positiva.<\/p>\n<p><iframe loading=\"lazy\" src=\"https:\/\/open.spotify.com\/embed\/track\/4sHs89sw3qckQlbzglgZaN\" width=\"300\" height=\"380\" frameborder=\"0\"><\/iframe><\/p>\n<p>La cantautora y multi-instrumentista chilena lanz\u00f3 este viernes 13 de noviembre \u201cPara que tu vueles\u201d, una canci\u00f3n nacida en pandemia, con una letra que hace eco de los dolores de un Chile revolucionado y con un ritmo alegre que propone un futuro cargado de optimismo y humanidad consciente.<\/p>\n<p>Esta canci\u00f3n, que es una de las m\u00e1s accesibles que ha lanzado Paz Quintana en sus 20 a\u00f1os de carrera, no formar\u00e1 parte de un pr\u00f3ximo \u00e1lbum, sino que es parte de una serie de singles que ir\u00e1 publicado durante lo que queda de este a\u00f1o. Su \u00faltimo trabajo discogr\u00e1fico, \u201cAnimales\u201d, fue publicado el 2019 y es un viaje on\u00edrico por la naturaleza salvaje y sus significados, incluyendo los singles \u201cHongos\u201d, \u201cFuego\u201d y \u201cViento\u201d.<\/p>\n<p>&nbsp;<\/p>\n","protected":false},"featured_media":559,"template":"","categorias-de-news":[],"_links":{"self":[{"href":"https:\/\/somosfuego.net\/index.php\/wp-json\/wp\/v2\/news\/558"}],"collection":[{"href":"https:\/\/somosfuego.net\/index.php\/wp-json\/wp\/v2\/news"}],"about":[{"href":"https:\/\/somosfuego.net\/index.php\/wp-json\/wp\/v2\/types\/news"}],"version-history":[{"count":8,"href":"https:\/\/somosfuego.net\/index.php\/wp-json\/wp\/v2\/news\/558\/revisions"}],"predecessor-version":[{"id":573,"href":"https:\/\/somosfuego.net\/index.php\/wp-json\/wp\/v2\/news\/558\/revisions\/573"}],"wp:featuredmedia":[{"embeddable":true,"href":"https:\/\/somosfuego.net\/index.php\/wp-json\/wp\/v2\/media\/559"}],"wp:attachment":[{"href":"https:\/\/somosfuego.net\/index.php\/wp-json\/wp\/v2\/media?parent=558"}],"wp:term":[{"taxonomy":"categorias-de-news","embeddable":true,"href":"https:\/\/somosfuego.net\/index.php\/wp-json\/wp\/v2\/categorias-de-news?post=558"}],"curies":[{"name":"wp","href":"https:\/\/api.w.org\/{rel}","templated":true}]}}