{"id":577,"date":"2020-11-18T21:40:08","date_gmt":"2020-11-18T21:40:08","guid":{"rendered":"https:\/\/somosfuego.net\/?post_type=news&#038;p=577"},"modified":"2020-11-18T23:18:44","modified_gmt":"2020-11-18T23:18:44","slug":"somos-fuego-presente-en-foro-sobre-el-negocio-de-la-musica","status":"publish","type":"news","link":"https:\/\/somosfuego.net\/index.php\/news\/somos-fuego-presente-en-foro-sobre-el-negocio-de-la-musica\/","title":{"rendered":"Somos Fuego presente en el Foro sobre el negocio de la m\u00fasica"},"content":{"rendered":"<p><strong>Claudia Pereira y Somos Fuego participaran, junto a destacados exponentes,\u00a0 en el \u201cForo sobre el Negocio de la M\u00fasica\u201d, instancia organizada por Carlos Salazar.<br \/>\n<\/strong><\/p>\n<p>Denisse Malebr\u00e1n, Benjam\u00edn Walker, Stefany Navarro, Claudia Pereira y Carlos Salazar forman parte en esta iniciativa que contar\u00e1 con un formato h\u00edbrido: presencial y online, para que puedan participar personas de todo el pa\u00eds.<\/p>\n<p>Luego de dos talleres por streaming y m\u00e1s de 30 conversatorios, Carlos Salazar, experto con casi 30 a\u00f1os de trayectoria en la escena art\u00edstica nacional, realizar\u00e1 el \u201cForo sobre el Negocio de la M\u00fasica en Chile\u201d. Esta actividad gratuita se realizar\u00e1 el 25 de noviembre de forma presencial y online, con el objetivo de finalizar este ciclo de actividades en torno a la materia.<\/p>\n<p>\u201cEste foro es una suerte de cierre de estas dos iniciativas y de todo lo que se hizo durante 2020, lo que nos llev\u00f3 a la conclusi\u00f3n de que es necesario que exista un espacio de formaci\u00f3n en el negocio, para que el interesado no deba estar 10 o 20 a\u00f1os trabajando en la industria para saber c\u00f3mo funciona, que es lo que nos toc\u00f3 vivir a muchos\u201d, explica Carlos Salazar.<\/p>\n<p>Asimismo, se\u00f1ala que \u201cfaltaba en el pa\u00eds que le dedic\u00e1ramos tiempo a este tipo de formaci\u00f3n, donde personas con amplia experiencia est\u00e9n dispuestas a compartir su conocimiento con los dem\u00e1s\u201d. En esta l\u00ednea, agrega que los m\u00e1s de 40 alumnas y alumnos de los talleres quedaron gratamente sorprendidos y agradecidos de todas las an\u00e9cdotas, aciertos, desaciertos y errores que fueron expuestos; informaci\u00f3n directa y muy \u00fatil para quienes se quieran dedicar a desarrollar un proyecto musical.<\/p>\n<p>Tanto en los talleres, como en los conversatorios que realiza cada mi\u00e9rcoles a trav\u00e9s de su cuenta de Instagram, el reconocido profesional aborda temas como la propiedad intelectual y derecho de autor, el mundo digital, producci\u00f3n y estrategias de marketing y promoci\u00f3n, entre otras, junto a destacados managers y diversos agentes de la industria de la m\u00fasica local.<\/p>\n<p>En esta oportunidad participar\u00e1n Denisse Malebr\u00e1n, cantautora y vocalista de Saiko; Claudia Pereira, manager y agente musical especializada en exportaci\u00f3n; Stefany Navarro, PR y marketing manager de Altafonte y el cantautor Benjam\u00edn Walker. Este evento, estar\u00e1 moderado por Carlos Salazar, manager de artistas, experto en industria de la m\u00fasica y director del \u201cTaller sobre Industria de la M\u00fasica\u201d.<\/p>\n<p>El \u201cForo sobre el Negocio de la M\u00fasica en Chile\u201d se llevar\u00e1 a cabo el pr\u00f3ximo 25 de noviembre a las 20:00 horas, en un formato hibrido: presencial (en Cango Cowork ubicado en Diego de Vel\u00e1squez 2079, Providencia) y v\u00eda zoom especialmente pensado para las personas de regiones. Para m\u00e1s informaci\u00f3n e inscripciones comunicarse con Carlos Salazar al correo carlos.salazar.isla(at)gmail.com o <a href=\"https:\/\/www.instagram.com\/csalazari\/\" target=\"_blank\" rel=\"noopener noreferrer\">@csalazari<\/a> en Instagram.<\/p>\n<p>(Comunicado de prensa)<\/p>\n","protected":false},"featured_media":592,"template":"","categorias-de-news":[],"_links":{"self":[{"href":"https:\/\/somosfuego.net\/index.php\/wp-json\/wp\/v2\/news\/577"}],"collection":[{"href":"https:\/\/somosfuego.net\/index.php\/wp-json\/wp\/v2\/news"}],"about":[{"href":"https:\/\/somosfuego.net\/index.php\/wp-json\/wp\/v2\/types\/news"}],"version-history":[{"count":4,"href":"https:\/\/somosfuego.net\/index.php\/wp-json\/wp\/v2\/news\/577\/revisions"}],"predecessor-version":[{"id":631,"href":"https:\/\/somosfuego.net\/index.php\/wp-json\/wp\/v2\/news\/577\/revisions\/631"}],"wp:featuredmedia":[{"embeddable":true,"href":"https:\/\/somosfuego.net\/index.php\/wp-json\/wp\/v2\/media\/592"}],"wp:attachment":[{"href":"https:\/\/somosfuego.net\/index.php\/wp-json\/wp\/v2\/media?parent=577"}],"wp:term":[{"taxonomy":"categorias-de-news","embeddable":true,"href":"https:\/\/somosfuego.net\/index.php\/wp-json\/wp\/v2\/categorias-de-news?post=577"}],"curies":[{"name":"wp","href":"https:\/\/api.w.org\/{rel}","templated":true}]}}