{"id":632,"date":"2020-11-19T22:08:44","date_gmt":"2020-11-19T22:08:44","guid":{"rendered":"https:\/\/somosfuego.net\/?post_type=news&#038;p=632"},"modified":"2020-11-20T16:02:43","modified_gmt":"2020-11-20T16:02:43","slug":"sol-pereyra-presenta-su-nuevo-single-y-si-manana","status":"publish","type":"news","link":"https:\/\/somosfuego.net\/index.php\/news\/sol-pereyra-presenta-su-nuevo-single-y-si-manana\/","title":{"rendered":"Sol Pereyra presenta su nuevo single \u201cY si ma\u00f1ana\u201d"},"content":{"rendered":"<p>Sol Pereyra presenta \u00abY\u00a0si ma\u00f1ana\u00bb, una canci\u00f3n con sonido World Beat\u00a0y variadas influencias. Guitarras afro latinas, marimbas y sintetizadores electro pop acompa\u00f1an los estribillos coreables\u00a0y\u00a0pegadizos que caracterizan a las canciones de Sol, junto a la l\u00edrica que va de la mano con la potencia de la m\u00fasica.<\/p>\n<p><iframe loading=\"lazy\" src=\"https:\/\/open.spotify.com\/embed\/track\/4Mx4XqtyrC8hwSwErBgvgQ\" width=\"300\" height=\"380\" frameborder=\"0\"><\/iframe><br \/>\nEste es el cuarto\u00a0sencillo lanzado por la artista en 2020 y formar\u00e1 parte de EXISTO, el nuevo EP que ver\u00e1 la luz pr\u00f3ximamente.<\/p>\n<p>\u201cY si ma\u00f1ana\u201d fue compuesta por Sol Pereyra, grabada y producida entre Argentina y Francia por David Baluteau (productor, multi instrumentista y arreglista) quien est\u00e1 a cargo del nuevo sonido que Sol viene experimentando. La masterizaci\u00f3n estuvo a cargo de Pierre-Henri de Demel \u2013 ODN Mastering (Tours, Francia).<\/p>\n<p>&nbsp;<\/p>\n<p>comunicado de prensa<\/p>\n<p>foto: Nora Lezano<\/p>\n","protected":false},"featured_media":636,"template":"","categorias-de-news":[],"_links":{"self":[{"href":"https:\/\/somosfuego.net\/index.php\/wp-json\/wp\/v2\/news\/632"}],"collection":[{"href":"https:\/\/somosfuego.net\/index.php\/wp-json\/wp\/v2\/news"}],"about":[{"href":"https:\/\/somosfuego.net\/index.php\/wp-json\/wp\/v2\/types\/news"}],"version-history":[{"count":5,"href":"https:\/\/somosfuego.net\/index.php\/wp-json\/wp\/v2\/news\/632\/revisions"}],"predecessor-version":[{"id":652,"href":"https:\/\/somosfuego.net\/index.php\/wp-json\/wp\/v2\/news\/632\/revisions\/652"}],"wp:featuredmedia":[{"embeddable":true,"href":"https:\/\/somosfuego.net\/index.php\/wp-json\/wp\/v2\/media\/636"}],"wp:attachment":[{"href":"https:\/\/somosfuego.net\/index.php\/wp-json\/wp\/v2\/media?parent=632"}],"wp:term":[{"taxonomy":"categorias-de-news","embeddable":true,"href":"https:\/\/somosfuego.net\/index.php\/wp-json\/wp\/v2\/categorias-de-news?post=632"}],"curies":[{"name":"wp","href":"https:\/\/api.w.org\/{rel}","templated":true}]}}