{"id":685,"date":"2020-12-01T18:50:12","date_gmt":"2020-12-01T18:50:12","guid":{"rendered":"https:\/\/somosfuego.net\/?post_type=news&#038;p=685"},"modified":"2020-12-01T18:50:12","modified_gmt":"2020-12-01T18:50:12","slug":"descubre-el-nuevo-de-single-de-paz-quintana-feat-benjamin-walker-para-que-tu-vueles","status":"publish","type":"news","link":"https:\/\/somosfuego.net\/index.php\/news\/descubre-el-nuevo-de-single-de-paz-quintana-feat-benjamin-walker-para-que-tu-vueles\/","title":{"rendered":"Descubre el nuevo de single de Paz Quintana feat. Benjamin Walker: \u00abPara que tu vueles\u00bb"},"content":{"rendered":"<p>Producida por Paz en su casa durante el confinamiento obligatorio y con una base pop-playera y sonoridades folkis, el single cuenta con la participaci\u00f3n del destacado artista chileno nominado al Grammy Latino, Benjam\u00edn Walker (<a href=\"https:\/\/www.instagram.com\/benjawalker\/?hl=fr\" target=\"_blank\" rel=\"noopener noreferrer\">@benjawalker<\/a>). Junto a Paz nos hacen viajar por el despertar del 18 de octubre, atravesando las sensaciones de encierro de la pandemia, con un llamado a escuchar las penas que tiene la tierra e invit\u00e1ndonos a cuidarla con esta composici\u00f3n cargada de una energ\u00eda positiva.<\/p>\n<p><iframe loading=\"lazy\" src=\"https:\/\/www.youtube.com\/embed\/PR7z_QdrgY8\" width=\"1424\" height=\"642\" frameborder=\"0\" allowfullscreen=\"allowfullscreen\"><\/iframe><\/p>\n<p>\u201cNo importa donde te encuentres y si el mundo se est\u00e1 cayendo a pedazos. Esta es una canci\u00f3n revolucionaria, con textos inclusivos y futuristas, que levanta el esp\u00edritu de las almas que sufren la pandemia, anim\u00e1ndonos a bailar y a conectar con la naturaleza y nuestra esperanza\u201d, as\u00ed define Paz Quintana su nueva producci\u00f3n.<\/p>\n<p>\u201cPara que tu vueles\u201d es una canci\u00f3n nacida en pandemia, con una letra que hace eco de los dolores de un Chile revolucionado y con un ritmo alegre que propone un futuro cargado de optimismo y humanidad consciente, que ser\u00e1 acompa\u00f1ado de un videoclip, dirigido por Gabriela Toro (@gabri.toro) y con las animaciones digitales de sideredigital (@sideredigital), este domingo 29 de noviembre.<\/p>\n<p>Esta canci\u00f3n, que es una de las m\u00e1s populares que ha lanzado La cantautora y multi-instrumentista en sus 20 a\u00f1os de carrera, no formar\u00e1 parte de un pr\u00f3ximo \u00e1lbum, sino que es parte de una serie de singles que Paz ir\u00e1 publicado durante lo que queda de este a\u00f1o. Su \u00faltimo trabajo discogr\u00e1fico, \u201cAnimales\u201d, fue publicado el 2019 y es un viaje on\u00edrico por la naturaleza salvaje y sus significados, incluyendo los singles \u201cHongos\u201d, \u201cFuego\u201d y \u201cViento\u201d.<\/p>\n<p>Ya puedes escuchar \u201cPara que tu vueles\u201d en las plataformas digitales Spotify, iTunes, Deezer, Tidal y Youtube.<br \/>\nSigue a Paz Quintana en Instagram (<a href=\"https:\/\/www.instagram.com\/pazgitana\/\" target=\"_blank\" rel=\"noopener noreferrer\">@pazgitana<\/a>) y Facebook (<a href=\"https:\/\/www.facebook.com\/pazquintanaoficial\/\" target=\"_blank\" rel=\"noopener noreferrer\">@pazquintanaoficial<\/a>).<\/p>\n","protected":false},"featured_media":686,"template":"","categorias-de-news":[],"_links":{"self":[{"href":"https:\/\/somosfuego.net\/index.php\/wp-json\/wp\/v2\/news\/685"}],"collection":[{"href":"https:\/\/somosfuego.net\/index.php\/wp-json\/wp\/v2\/news"}],"about":[{"href":"https:\/\/somosfuego.net\/index.php\/wp-json\/wp\/v2\/types\/news"}],"version-history":[{"count":1,"href":"https:\/\/somosfuego.net\/index.php\/wp-json\/wp\/v2\/news\/685\/revisions"}],"predecessor-version":[{"id":692,"href":"https:\/\/somosfuego.net\/index.php\/wp-json\/wp\/v2\/news\/685\/revisions\/692"}],"wp:featuredmedia":[{"embeddable":true,"href":"https:\/\/somosfuego.net\/index.php\/wp-json\/wp\/v2\/media\/686"}],"wp:attachment":[{"href":"https:\/\/somosfuego.net\/index.php\/wp-json\/wp\/v2\/media?parent=685"}],"wp:term":[{"taxonomy":"categorias-de-news","embeddable":true,"href":"https:\/\/somosfuego.net\/index.php\/wp-json\/wp\/v2\/categorias-de-news?post=685"}],"curies":[{"name":"wp","href":"https:\/\/api.w.org\/{rel}","templated":true}]}}