{"id":704,"date":"2021-02-01T21:20:42","date_gmt":"2021-02-01T21:20:42","guid":{"rendered":"https:\/\/somosfuego.net\/?post_type=news&#038;p=704"},"modified":"2021-02-01T21:24:54","modified_gmt":"2021-02-01T21:24:54","slug":"lanzamiento-del-disco-de-franks-white-canvas-my-life-my-canvas","status":"publish","type":"news","link":"https:\/\/somosfuego.net\/index.php\/news\/lanzamiento-del-disco-de-franks-white-canvas-my-life-my-canvas\/","title":{"rendered":"Lanzamiento del disco de Frank&#8217;s White Canvas: \u00abMy life, my canvas\u00bb"},"content":{"rendered":"<p>Frank\u2019s White Canvas anuncia su concierto de lanzamiento de su primer \u00c1lbum \u00abMy life, my canvas\u00bb, el 13 de Marzo 2021.<\/p>\n<p>El duo cuenta a Radio Futuro :\u00a0 \u201cPara nosotras en vivo es donde respiran las canciones, en donde volvemos a sentir por completo momentos que encapsulamos y nos dejamos llevar junto a ustedes para lograr esa catarsis que tanto nos hace enamoraros de esto todos los d\u00edas. Este 13 de marzo viviremos la experiencia de \u2018My Life, My Canvas\u2019 de principio a fin, en un concierto online que est\u00e1 pensado desde su concepci\u00f3n como una experiencia creada para ser disfrutada desde una pantalla y es lo m\u00e1s grande y complejo en cuanto a producci\u00f3n que hemos realizado hasta ahora\u201d.<\/p>\n<p>&nbsp;<\/p>\n<p>El art\u00edculo de Radio Futuro:<\/p>\n<p><a href=\"https:\/\/bit.ly\/3ozWrA1\" target=\"_blank\" rel=\"noopener noreferrer\">https:\/\/bit.ly\/3ozWrA1<\/a><\/p>\n<p>&nbsp;<\/p>\n<p>&nbsp;<\/p>\n<p>&nbsp;<\/p>\n<p>&nbsp;<\/p>\n","protected":false},"featured_media":705,"template":"","categorias-de-news":[],"_links":{"self":[{"href":"https:\/\/somosfuego.net\/index.php\/wp-json\/wp\/v2\/news\/704"}],"collection":[{"href":"https:\/\/somosfuego.net\/index.php\/wp-json\/wp\/v2\/news"}],"about":[{"href":"https:\/\/somosfuego.net\/index.php\/wp-json\/wp\/v2\/types\/news"}],"version-history":[{"count":1,"href":"https:\/\/somosfuego.net\/index.php\/wp-json\/wp\/v2\/news\/704\/revisions"}],"predecessor-version":[{"id":709,"href":"https:\/\/somosfuego.net\/index.php\/wp-json\/wp\/v2\/news\/704\/revisions\/709"}],"wp:featuredmedia":[{"embeddable":true,"href":"https:\/\/somosfuego.net\/index.php\/wp-json\/wp\/v2\/media\/705"}],"wp:attachment":[{"href":"https:\/\/somosfuego.net\/index.php\/wp-json\/wp\/v2\/media?parent=704"}],"wp:term":[{"taxonomy":"categorias-de-news","embeddable":true,"href":"https:\/\/somosfuego.net\/index.php\/wp-json\/wp\/v2\/categorias-de-news?post=704"}],"curies":[{"name":"wp","href":"https:\/\/api.w.org\/{rel}","templated":true}]}}