{"id":737,"date":"2021-02-15T19:18:58","date_gmt":"2021-02-15T19:18:58","guid":{"rendered":"https:\/\/somosfuego.net\/?post_type=news&#038;p=737"},"modified":"2021-02-15T19:20:26","modified_gmt":"2021-02-15T19:20:26","slug":"por-los-que-ya-no-estan-nuevo-sencillo-de-rtrxn","status":"publish","type":"news","link":"https:\/\/somosfuego.net\/index.php\/news\/por-los-que-ya-no-estan-nuevo-sencillo-de-rtrxn\/","title":{"rendered":"Por Los Que Ya No Estan, nuevo sencillo de RTRXN"},"content":{"rendered":"<p>El pr\u00f3ximo 12 de febrero la banda estrena el tercer sencillo de \u0308PM \u0308, disco que fue concebido antes y durante la pandemia, \u0308POR LOS QUE YA NO EST\u00c1N \u0308 es el track elegido por la agrupaci\u00f3n, canci\u00f3n que sublima el sentimiento de p\u00e9rdida, ya sea de amigos, familiares, la libertad misma, aquella normalidad que en un momento sent\u00edamos tan segura, es la manera en que RTRXN expresa el sentir grupal por lo que ya no es y quiz\u00e1 no ser\u00e1 m\u00e1s.<\/p>\n<p><iframe loading=\"lazy\" title=\"Por Los Que Ya No Est\u00e1n\" width=\"1200\" height=\"675\" src=\"https:\/\/www.youtube.com\/embed\/pZtR6N4JBdA?start=28&#038;feature=oembed\" frameborder=\"0\" allow=\"accelerometer; autoplay; clipboard-write; encrypted-media; gyroscope; picture-in-picture\" allowfullscreen><\/iframe><\/p>\n<p>Durante sesiones nocturnas ( de ah\u00ed el nombre PM del disco) en los estudios Rec4 en Guadalajara Jalisco M\u00e9xico la banda se sumergi\u00f3 a crear sin limitantes, bajo la premisa de no tener filtros ni obst\u00e1culos donde los integrantes conectaran con sus emociones y fueran grabando maquetas se fueron gestando el conjunto de canciones con un hilo conductor, la brutal honestidad consigo mismos.<br \/>\nPOR LOS QUE YA NO EST\u00c1N nos sumerge y lleva con cadencia a la empat\u00eda, a conectar con el otro, en momentos donde la polarizaci\u00f3n pulula es importante saber que la uni\u00f3n y alianza son las herramientas que ayudar\u00e1n a salir y sobrellevar las vicisitudes que nos aquejan, est\u00e1 demostrado que el individualismo nos ha llevado a complicar situaciones que de por s\u00ed son complicadas, el 3er single nos invita a tender una mano, ofrecer ayuda, dar valor a lo que pasamos desapercibido, los detalles diarios que dan color a la vida, la belleza en la nostalgia ,decir que aunque sea m\u00e1s f\u00e1cil destruir que construir esto no lo vuelve imposible, es la manera en que la banda da un mensaje simple: estoy contigo.<br \/>\n12 de febrero en todas las plataformas.<\/p>\n","protected":false},"featured_media":738,"template":"","categorias-de-news":[],"_links":{"self":[{"href":"https:\/\/somosfuego.net\/index.php\/wp-json\/wp\/v2\/news\/737"}],"collection":[{"href":"https:\/\/somosfuego.net\/index.php\/wp-json\/wp\/v2\/news"}],"about":[{"href":"https:\/\/somosfuego.net\/index.php\/wp-json\/wp\/v2\/types\/news"}],"version-history":[{"count":2,"href":"https:\/\/somosfuego.net\/index.php\/wp-json\/wp\/v2\/news\/737\/revisions"}],"predecessor-version":[{"id":743,"href":"https:\/\/somosfuego.net\/index.php\/wp-json\/wp\/v2\/news\/737\/revisions\/743"}],"wp:featuredmedia":[{"embeddable":true,"href":"https:\/\/somosfuego.net\/index.php\/wp-json\/wp\/v2\/media\/738"}],"wp:attachment":[{"href":"https:\/\/somosfuego.net\/index.php\/wp-json\/wp\/v2\/media?parent=737"}],"wp:term":[{"taxonomy":"categorias-de-news","embeddable":true,"href":"https:\/\/somosfuego.net\/index.php\/wp-json\/wp\/v2\/categorias-de-news?post=737"}],"curies":[{"name":"wp","href":"https:\/\/api.w.org\/{rel}","templated":true}]}}