{"id":823,"date":"2021-04-08T20:17:52","date_gmt":"2021-04-08T20:17:52","guid":{"rendered":"https:\/\/somosfuego.net\/?post_type=news&#038;p=823"},"modified":"2021-04-08T21:06:40","modified_gmt":"2021-04-08T21:06:40","slug":"roles-y-responsabilidades-sobre-el-ecosistema-de-la-musical","status":"publish","type":"news","link":"https:\/\/somosfuego.net\/index.php\/news\/roles-y-responsabilidades-sobre-el-ecosistema-de-la-musical\/","title":{"rendered":"Roles y responsabilidades sobre el ecosistema de la  m\u00fasica"},"content":{"rendered":"<p><strong>San Jos\u00e9, 08 de abril de 2021. <\/strong><\/p>\n<p>Aportar al desarrollo del sector musical y fortalecerlo como un espacio vital, din\u00e1mico y colaborativo, es el prop\u00f3sito de los m\u00f3dulos formativos <a><strong>M\u00daSICA FFWD&gt;&gt; <\/strong>, <\/a>iniciativa que se desprende de la Estrategia Costa Rica Creativa y Cultural 2030, del Ministerio de Cultura y Juventud (MCJ), y que se realiza mediante la colaboraci\u00f3n de UNESCO y la Uni\u00f3n Europea.<\/p>\n<p>Como primera parte del M\u00f3dulo Ecosistema, la iniciativa de capacitaci\u00f3n <strong>M\u00daSICA FFWD&gt;&gt; <\/strong>dar\u00e1 inici\u00f3 el martes 13 de abril y se extender\u00e1 hasta el viernes 16 de abril de 2021, mediante cuatro sesiones de dos horas cada una.\u00a0 Los m\u00f3dulos contar\u00e1n con la participaci\u00f3n de expertos nacionales e internacionales.<\/p>\n<p>El programa de <strong>M\u00daSICA FFWD&gt;&gt; <\/strong>tiene como ejes principales la profesionalizaci\u00f3n, asociatividad y visibilidad del sector musical, y se divide en cuatro m\u00f3dulos tem\u00e1ticos.<\/p>\n<p>\u201cLas grandes transformaciones en la industria cultural, y en espec\u00edfico de la m\u00fasica, al igual que la nueva realidad producto de la pandemia COVID-19, han implicado una mayor profesionalizaci\u00f3n de este sector en Costa Rica. Desde las necesidades planteadas por el sector privado, la academia y el sector p\u00fablico, que juntos participan en la Mesa de M\u00fasica de la Estrategia Costa Rica Creativa y Cultural 2030, y gracias a la cooperaci\u00f3n de UNESCO, esta es una gran oportunidad para que personas dedicadas a la m\u00fasica tengan un espacio para conocer un poco de lo que sucede en el contexto global, y visualicen alternativas de desarrollo, desde nuestro entorno. Los expertos invitados son personas de alt\u00edsima calidad y, sobre todo, miran el futuro con optimismo, basados en procesos reales en desarrollo\u201d, afirm\u00f3 Loida Pretiz, viceministra de Cultura.<\/p>\n<p>El evento gratuito de capacitaci\u00f3n <strong>M\u00daSICA FFWD&gt;&gt;, <\/strong>se recomienda para personas del sector musical costarricense. La inscripci\u00f3n est\u00e1 abierta actualmente y cierra el domingo 11 de abril de 2021.<\/p>\n<p>Las personas interesadas en participar, pueden acceder al formulario de inscripci\u00f3n disponible en el siguiente enlace:\u00a0<a href=\"https:\/\/docs.google.com\/forms\/d\/e\/1FAIpQLSdEWEQTuAqQ5bSX2qhBnCaZplGkRaGzXXhl9dTqMHFpbCpdYw\/viewform\" target=\"_blank\" rel=\"noopener noreferrer\">https:\/\/docs.google.com\/forms\/d\/e\/1FAIpQLSdEWEQTuAqQ5bSX2qhBnCaZplGkRaGzXXhl9dTqMHFpbCpdYw\/viewform<\/a><\/p>\n<p>&nbsp;<\/p>\n<p><strong>Charla el 14 de abril 2021: Roles y responsabilidades en el ecosistema de la m\u00fasica<\/strong><\/p>\n<p>Existen una gran cantidad de roles dentro del ecosistema musical. Desde managers hasta sellos, dise\u00f1adores gr\u00e1ficos o centros culturales; todos son parte de un gran entramado que ayudan a fortalecer y a potenciar proyectos musicales. Este espacio buscar visualizar algunos de estos principales protagonistas marcando sus roles y generando debate alrededor de los mismos.<\/p>\n<p>&nbsp;<\/p>\n<p>&nbsp;<\/p>\n","protected":false},"featured_media":829,"template":"","categorias-de-news":[],"_links":{"self":[{"href":"https:\/\/somosfuego.net\/index.php\/wp-json\/wp\/v2\/news\/823"}],"collection":[{"href":"https:\/\/somosfuego.net\/index.php\/wp-json\/wp\/v2\/news"}],"about":[{"href":"https:\/\/somosfuego.net\/index.php\/wp-json\/wp\/v2\/types\/news"}],"version-history":[{"count":6,"href":"https:\/\/somosfuego.net\/index.php\/wp-json\/wp\/v2\/news\/823\/revisions"}],"predecessor-version":[{"id":837,"href":"https:\/\/somosfuego.net\/index.php\/wp-json\/wp\/v2\/news\/823\/revisions\/837"}],"wp:featuredmedia":[{"embeddable":true,"href":"https:\/\/somosfuego.net\/index.php\/wp-json\/wp\/v2\/media\/829"}],"wp:attachment":[{"href":"https:\/\/somosfuego.net\/index.php\/wp-json\/wp\/v2\/media?parent=823"}],"wp:term":[{"taxonomy":"categorias-de-news","embeddable":true,"href":"https:\/\/somosfuego.net\/index.php\/wp-json\/wp\/v2\/categorias-de-news?post=823"}],"curies":[{"name":"wp","href":"https:\/\/api.w.org\/{rel}","templated":true}]}}